{"id":1,"date":"2023-08-01T23:42:49","date_gmt":"2023-08-01T23:42:49","guid":{"rendered":"http:\/\/www.uedfor.org\/?p=1"},"modified":"2025-07-01T19:03:03","modified_gmt":"2025-07-01T19:03:03","slug":"hello-world","status":"publish","type":"post","link":"https:\/\/www.uedfor.org\/?p=1","title":{"rendered":"UEDFOR&#8217;DA SENDE YER\u0130N\u0130 AL!"},"content":{"rendered":"\n<p>E\u011fitimde iyi \u00f6rneklerin a\u011f\u0131rl\u0131kl\u0131 olarak payla\u015f\u0131ld\u0131\u011f\u0131 akademik kongremizde teorisyenlerle uygulamac\u0131lar\u0131 ayn\u0131 platformda bulu\u015fturuyoruz&#8230;<\/p>\n\n\n\n<p>Bu y\u0131l ANTALYA Alanya&#8217;da d\u00fczenlenencek olan UEDFOR 6 Adana Alparslan T\u00fcrke\u015f Bilim ve Teknoloji \u00dcniversitesi, Giresun \u00dcniversitesi, MEF \u00dcniversitesi ve EYUDER i\u015fbirli\u011finde 13-17 Ekim 2025 tarihleri aras\u0131nda  ger\u00e7ekle\u015ftirilecektir.<\/p>\n\n\n\n<p><strong>UEDFOR-6 ya ERKEN KAYIT \u0130ND\u0130R\u0130M\u0130NDEN YARARLANMAK \u0130\u00c7\u0130N DUYURULARIMIZI TAK\u0130P ETMEY\u0130 UNUTMAYINIZ. <\/strong>S\u00fcreci etkili takip etmek ve destek alabilmek i\u00e7in whatsap grubumuza dahil olunuz. <\/p>\n\n\n\n<p>UEDFOR Akademik Kongre yan\u0131nda \u015eehrin Tarihi ve K\u00fclt\u00fcrel g\u00fczelliklerininde kat\u0131l\u0131mc\u0131lar\u0131n tan\u0131mas\u0131na y\u00f6nelik i\u00e7eri\u011fi ile bir kongreden fazlas\u0131n\u0131 ger\u00e7ekle\u015ftirece\u011fiz.<\/p>\n","protected":false},"excerpt":{"rendered":"<p>E\u011fitimde iyi \u00f6rneklerin a\u011f\u0131rl\u0131kl\u0131 olarak payla\u015f\u0131ld\u0131\u011f\u0131 akademik kongremizde teorisyenlerle uygulamac\u0131lar\u0131 ayn\u0131 platformda bulu\u015fturuyoruz&#8230; Bu y\u0131l ANTALYA Alanya&#8217;da d\u00fczenlenencek olan UEDFOR 6 Adana Alparslan T\u00fcrke\u015f Bilim ve Teknoloji \u00dcniversitesi, Giresun \u00dcniversitesi, MEF \u00dcniversitesi ve EYUDER i\u015fbirli\u011finde 13-17 Ekim 2025 tarihleri aras\u0131nda ger\u00e7ekle\u015ftirilecektir. UEDFOR-6 ya ERKEN KAYIT \u0130ND\u0130R\u0130M\u0130NDEN YARARLANMAK \u0130\u00c7\u0130N DUYURULARIMIZI TAK\u0130P ETMEY\u0130 UNUTMAYINIZ. S\u00fcreci etkili takip [&hellip;]<\/p>\n","protected":false},"author":1,"featured_media":0,"comment_status":"open","ping_status":"open","sticky":false,"template":"","format":"standard","meta":{"footnotes":""},"categories":[1],"tags":[],"class_list":["post-1","post","type-post","status-publish","format-standard","hentry","category-uncategorized"],"_links":{"self":[{"href":"https:\/\/www.uedfor.org\/index.php?rest_route=\/wp\/v2\/posts\/1","targetHints":{"allow":["GET"]}}],"collection":[{"href":"https:\/\/www.uedfor.org\/index.php?rest_route=\/wp\/v2\/posts"}],"about":[{"href":"https:\/\/www.uedfor.org\/index.php?rest_route=\/wp\/v2\/types\/post"}],"author":[{"embeddable":true,"href":"https:\/\/www.uedfor.org\/index.php?rest_route=\/wp\/v2\/users\/1"}],"replies":[{"embeddable":true,"href":"https:\/\/www.uedfor.org\/index.php?rest_route=%2Fwp%2Fv2%2Fcomments&post=1"}],"version-history":[{"count":4,"href":"https:\/\/www.uedfor.org\/index.php?rest_route=\/wp\/v2\/posts\/1\/revisions"}],"predecessor-version":[{"id":274,"href":"https:\/\/www.uedfor.org\/index.php?rest_route=\/wp\/v2\/posts\/1\/revisions\/274"}],"wp:attachment":[{"href":"https:\/\/www.uedfor.org\/index.php?rest_route=%2Fwp%2Fv2%2Fmedia&parent=1"}],"wp:term":[{"taxonomy":"category","embeddable":true,"href":"https:\/\/www.uedfor.org\/index.php?rest_route=%2Fwp%2Fv2%2Fcategories&post=1"},{"taxonomy":"post_tag","embeddable":true,"href":"https:\/\/www.uedfor.org\/index.php?rest_route=%2Fwp%2Fv2%2Ftags&post=1"}],"curies":[{"name":"wp","href":"https:\/\/api.w.org\/{rel}","templated":true}]}}